{"id":867,"date":"2023-12-14T16:51:27","date_gmt":"2023-12-14T22:51:27","guid":{"rendered":"https:\/\/nwris.nsd.tech\/2023\/12\/14\/minister-miller-to-attend-citizenship-ceremony-at-sherbrooke-city-hall\/"},"modified":"2023-12-14T16:51:27","modified_gmt":"2023-12-14T22:51:27","slug":"minister-miller-to-attend-citizenship-ceremony-at-sherbrooke-city-hall","status":"publish","type":"post","link":"https:\/\/nwris.ca\/fr\/2023\/12\/14\/minister-miller-to-attend-citizenship-ceremony-at-sherbrooke-city-hall\/","title":{"rendered":"Minister Miller to attend citizenship ceremony at Sherbrooke City Hall"},"content":{"rendered":"<p>The Honourable Marc Miller, Minister of Immigration, Refugees and Citizenship, will welcome 35 of Canada\u2019s newest citizens from 11 countries at a ceremony at Sherbrooke City Hall. Minister Miller will be joined by \u00c9lisabeth Bri\u00e8re, Parliamentary Secretary to the Minister of Families, Children and Social Development, and Ra\u00efs Kibonge, Deputy Mayor of Sherbrooke. The ceremony will be presided by Citizenship Judge Rania Sfeir.<\/p>","protected":false},"excerpt":{"rendered":"<p>The Honourable Marc Miller, Minister of Immigration, Refugees and Citizenship, will welcome 35 of Canada\u2019s newest citizens from 11 countries at a ceremony at Sherbrooke City Hall. Minister Miller will be joined by \u00c9lisabeth Bri\u00e8re, Parliamentary Secretary to the Minister of Families, Children and Social Development, and Ra\u00efs Kibonge, Deputy Mayor of Sherbrooke. The ceremony will be presided by Citizenship &#8230; <\/p>\n<div><a href=\"https:\/\/nwris.ca\/fr\/2023\/12\/14\/minister-miller-to-attend-citizenship-ceremony-at-sherbrooke-city-hall\/\" class=\"more-link\">Read More<\/a><\/div>","protected":false},"author":5,"featured_media":600,"comment_status":"","ping_status":"open","sticky":false,"template":"","format":"standard","meta":{"_acf_changed":false,"inline_featured_image":false,"footnotes":""},"categories":[1],"tags":[],"class_list":["post-867","post","type-post","status-publish","format-standard","has-post-thumbnail","hentry","category-uncategorized"],"acf":[],"yoast_head":"<!-- This site is optimized with the Yoast SEO plugin v27.4 - https:\/\/yoast.com\/product\/yoast-seo-wordpress\/ -->\n<title>Minister Miller to attend citizenship ceremony at Sherbrooke City Hall - North West Regional Immigrant Services Inc.<\/title>\n<meta name=\"robots\" content=\"index, follow, max-snippet:-1, max-image-preview:large, max-video-preview:-1\" \/>\n<link rel=\"canonical\" href=\"https:\/\/nwris.ca\/fr\/2023\/12\/14\/minister-miller-to-attend-citizenship-ceremony-at-sherbrooke-city-hall\/\" \/>\n<meta property=\"og:locale\" content=\"fr_CA\" \/>\n<meta property=\"og:type\" content=\"article\" \/>\n<meta property=\"og:title\" content=\"Minister Miller to attend citizenship ceremony at Sherbrooke City Hall - North West Regional Immigrant Services Inc.\" \/>\n<meta property=\"og:description\" content=\"The Honourable Marc Miller, Minister of Immigration, Refugees and Citizenship, will welcome 35 of Canada\u2019s newest citizens from 11 countries at a ceremony at Sherbrooke City Hall. Minister Miller will be joined by \u00c9lisabeth Bri\u00e8re, Parliamentary Secretary to the Minister of Families, Children and Social Development, and Ra\u00efs Kibonge, Deputy Mayor of Sherbrooke. The ceremony will be presided by Citizenship ... Read More\" \/>\n<meta property=\"og:url\" content=\"https:\/\/nwris.ca\/fr\/2023\/12\/14\/minister-miller-to-attend-citizenship-ceremony-at-sherbrooke-city-hall\/\" \/>\n<meta property=\"og:site_name\" content=\"North West Regional Immigrant Services Inc.\" \/>\n<meta property=\"article:published_time\" content=\"2023-12-14T22:51:27+00:00\" \/>\n<meta property=\"og:image\" content=\"https:\/\/nwris.ca\/wp-content\/uploads\/2023\/10\/EB_NWRIS_Logo_250x100px-1.png\" \/>\n\t<meta property=\"og:image:width\" content=\"280\" \/>\n\t<meta property=\"og:image:height\" content=\"120\" \/>\n\t<meta property=\"og:image:type\" content=\"image\/png\" \/>\n<meta name=\"author\" content=\"Nsd Tech Support\" \/>\n<meta name=\"twitter:card\" content=\"summary_large_image\" \/>\n<meta name=\"twitter:label1\" content=\"\u00c9crit par\" \/>\n\t<meta name=\"twitter:data1\" content=\"Nsd Tech Support\" \/>\n<script type=\"application\/ld+json\" class=\"yoast-schema-graph\">{\"@context\":\"https:\\\/\\\/schema.org\",\"@graph\":[{\"@type\":\"Article\",\"@id\":\"https:\\\/\\\/nwris.ca\\\/2023\\\/12\\\/14\\\/minister-miller-to-attend-citizenship-ceremony-at-sherbrooke-city-hall\\\/#article\",\"isPartOf\":{\"@id\":\"https:\\\/\\\/nwris.ca\\\/2023\\\/12\\\/14\\\/minister-miller-to-attend-citizenship-ceremony-at-sherbrooke-city-hall\\\/\"},\"author\":{\"name\":\"Nsd Tech Support\",\"@id\":\"https:\\\/\\\/nwris.ca\\\/#\\\/schema\\\/person\\\/11195404ce57bb147c5498ca9c3efb54\"},\"headline\":\"Minister Miller to attend citizenship ceremony at Sherbrooke City Hall\",\"datePublished\":\"2023-12-14T22:51:27+00:00\",\"mainEntityOfPage\":{\"@id\":\"https:\\\/\\\/nwris.ca\\\/2023\\\/12\\\/14\\\/minister-miller-to-attend-citizenship-ceremony-at-sherbrooke-city-hall\\\/\"},\"wordCount\":74,\"image\":{\"@id\":\"https:\\\/\\\/nwris.ca\\\/2023\\\/12\\\/14\\\/minister-miller-to-attend-citizenship-ceremony-at-sherbrooke-city-hall\\\/#primaryimage\"},\"thumbnailUrl\":\"https:\\\/\\\/nwris.ca\\\/wp-content\\\/uploads\\\/2023\\\/10\\\/EB_NWRIS_Logo_250x100px-1.png\",\"articleSection\":[\"Uncategorized\"],\"inLanguage\":\"fr-CA\"},{\"@type\":\"WebPage\",\"@id\":\"https:\\\/\\\/nwris.ca\\\/2023\\\/12\\\/14\\\/minister-miller-to-attend-citizenship-ceremony-at-sherbrooke-city-hall\\\/\",\"url\":\"https:\\\/\\\/nwris.ca\\\/2023\\\/12\\\/14\\\/minister-miller-to-attend-citizenship-ceremony-at-sherbrooke-city-hall\\\/\",\"name\":\"Minister Miller to attend citizenship ceremony at Sherbrooke City Hall - North West Regional Immigrant Services Inc.\",\"isPartOf\":{\"@id\":\"https:\\\/\\\/nwris.ca\\\/#website\"},\"primaryImageOfPage\":{\"@id\":\"https:\\\/\\\/nwris.ca\\\/2023\\\/12\\\/14\\\/minister-miller-to-attend-citizenship-ceremony-at-sherbrooke-city-hall\\\/#primaryimage\"},\"image\":{\"@id\":\"https:\\\/\\\/nwris.ca\\\/2023\\\/12\\\/14\\\/minister-miller-to-attend-citizenship-ceremony-at-sherbrooke-city-hall\\\/#primaryimage\"},\"thumbnailUrl\":\"https:\\\/\\\/nwris.ca\\\/wp-content\\\/uploads\\\/2023\\\/10\\\/EB_NWRIS_Logo_250x100px-1.png\",\"datePublished\":\"2023-12-14T22:51:27+00:00\",\"author\":{\"@id\":\"https:\\\/\\\/nwris.ca\\\/#\\\/schema\\\/person\\\/11195404ce57bb147c5498ca9c3efb54\"},\"breadcrumb\":{\"@id\":\"https:\\\/\\\/nwris.ca\\\/2023\\\/12\\\/14\\\/minister-miller-to-attend-citizenship-ceremony-at-sherbrooke-city-hall\\\/#breadcrumb\"},\"inLanguage\":\"fr-CA\",\"potentialAction\":[{\"@type\":\"ReadAction\",\"target\":[\"https:\\\/\\\/nwris.ca\\\/2023\\\/12\\\/14\\\/minister-miller-to-attend-citizenship-ceremony-at-sherbrooke-city-hall\\\/\"]}]},{\"@type\":\"ImageObject\",\"inLanguage\":\"fr-CA\",\"@id\":\"https:\\\/\\\/nwris.ca\\\/2023\\\/12\\\/14\\\/minister-miller-to-attend-citizenship-ceremony-at-sherbrooke-city-hall\\\/#primaryimage\",\"url\":\"https:\\\/\\\/nwris.ca\\\/wp-content\\\/uploads\\\/2023\\\/10\\\/EB_NWRIS_Logo_250x100px-1.png\",\"contentUrl\":\"https:\\\/\\\/nwris.ca\\\/wp-content\\\/uploads\\\/2023\\\/10\\\/EB_NWRIS_Logo_250x100px-1.png\",\"width\":280,\"height\":120},{\"@type\":\"BreadcrumbList\",\"@id\":\"https:\\\/\\\/nwris.ca\\\/2023\\\/12\\\/14\\\/minister-miller-to-attend-citizenship-ceremony-at-sherbrooke-city-hall\\\/#breadcrumb\",\"itemListElement\":[{\"@type\":\"ListItem\",\"position\":1,\"name\":\"Home\",\"item\":\"https:\\\/\\\/nwris.ca\\\/\"},{\"@type\":\"ListItem\",\"position\":2,\"name\":\"Minister Miller to attend citizenship ceremony at Sherbrooke City Hall\"}]},{\"@type\":\"WebSite\",\"@id\":\"https:\\\/\\\/nwris.ca\\\/#website\",\"url\":\"https:\\\/\\\/nwris.ca\\\/\",\"name\":\"North West Regional Immigrant Services Inc.\",\"description\":\"\",\"potentialAction\":[{\"@type\":\"SearchAction\",\"target\":{\"@type\":\"EntryPoint\",\"urlTemplate\":\"https:\\\/\\\/nwris.ca\\\/?s={search_term_string}\"},\"query-input\":{\"@type\":\"PropertyValueSpecification\",\"valueRequired\":true,\"valueName\":\"search_term_string\"}}],\"inLanguage\":\"fr-CA\"},{\"@type\":\"Person\",\"@id\":\"https:\\\/\\\/nwris.ca\\\/#\\\/schema\\\/person\\\/11195404ce57bb147c5498ca9c3efb54\",\"name\":\"Nsd Tech Support\",\"image\":{\"@type\":\"ImageObject\",\"inLanguage\":\"fr-CA\",\"@id\":\"https:\\\/\\\/secure.gravatar.com\\\/avatar\\\/e42b517620366347df3ac100559fc3a184e9468ab7d131ee757864efc90b9a37?s=96&d=mm&r=g\",\"url\":\"https:\\\/\\\/secure.gravatar.com\\\/avatar\\\/e42b517620366347df3ac100559fc3a184e9468ab7d131ee757864efc90b9a37?s=96&d=mm&r=g\",\"contentUrl\":\"https:\\\/\\\/secure.gravatar.com\\\/avatar\\\/e42b517620366347df3ac100559fc3a184e9468ab7d131ee757864efc90b9a37?s=96&d=mm&r=g\",\"caption\":\"Nsd Tech Support\"},\"url\":\"https:\\\/\\\/nwris.ca\\\/fr\\\/author\\\/nsdtech-support\\\/\"}]}<\/script>\n<!-- \/ Yoast SEO plugin. -->","yoast_head_json":{"title":"Minister Miller to attend citizenship ceremony at Sherbrooke City Hall - North West Regional Immigrant Services Inc.","robots":{"index":"index","follow":"follow","max-snippet":"max-snippet:-1","max-image-preview":"max-image-preview:large","max-video-preview":"max-video-preview:-1"},"canonical":"https:\/\/nwris.ca\/fr\/2023\/12\/14\/minister-miller-to-attend-citizenship-ceremony-at-sherbrooke-city-hall\/","og_locale":"fr_CA","og_type":"article","og_title":"Minister Miller to attend citizenship ceremony at Sherbrooke City Hall - North West Regional Immigrant Services Inc.","og_description":"The Honourable Marc Miller, Minister of Immigration, Refugees and Citizenship, will welcome 35 of Canada\u2019s newest citizens from 11 countries at a ceremony at Sherbrooke City Hall. Minister Miller will be joined by \u00c9lisabeth Bri\u00e8re, Parliamentary Secretary to the Minister of Families, Children and Social Development, and Ra\u00efs Kibonge, Deputy Mayor of Sherbrooke. The ceremony will be presided by Citizenship ... Read More","og_url":"https:\/\/nwris.ca\/fr\/2023\/12\/14\/minister-miller-to-attend-citizenship-ceremony-at-sherbrooke-city-hall\/","og_site_name":"North West Regional Immigrant Services Inc.","article_published_time":"2023-12-14T22:51:27+00:00","og_image":[{"width":280,"height":120,"url":"https:\/\/nwris.ca\/wp-content\/uploads\/2023\/10\/EB_NWRIS_Logo_250x100px-1.png","type":"image\/png"}],"author":"Nsd Tech Support","twitter_card":"summary_large_image","twitter_misc":{"\u00c9crit par":"Nsd Tech Support"},"schema":{"@context":"https:\/\/schema.org","@graph":[{"@type":"Article","@id":"https:\/\/nwris.ca\/2023\/12\/14\/minister-miller-to-attend-citizenship-ceremony-at-sherbrooke-city-hall\/#article","isPartOf":{"@id":"https:\/\/nwris.ca\/2023\/12\/14\/minister-miller-to-attend-citizenship-ceremony-at-sherbrooke-city-hall\/"},"author":{"name":"Nsd Tech Support","@id":"https:\/\/nwris.ca\/#\/schema\/person\/11195404ce57bb147c5498ca9c3efb54"},"headline":"Minister Miller to attend citizenship ceremony at Sherbrooke City Hall","datePublished":"2023-12-14T22:51:27+00:00","mainEntityOfPage":{"@id":"https:\/\/nwris.ca\/2023\/12\/14\/minister-miller-to-attend-citizenship-ceremony-at-sherbrooke-city-hall\/"},"wordCount":74,"image":{"@id":"https:\/\/nwris.ca\/2023\/12\/14\/minister-miller-to-attend-citizenship-ceremony-at-sherbrooke-city-hall\/#primaryimage"},"thumbnailUrl":"https:\/\/nwris.ca\/wp-content\/uploads\/2023\/10\/EB_NWRIS_Logo_250x100px-1.png","articleSection":["Uncategorized"],"inLanguage":"fr-CA"},{"@type":"WebPage","@id":"https:\/\/nwris.ca\/2023\/12\/14\/minister-miller-to-attend-citizenship-ceremony-at-sherbrooke-city-hall\/","url":"https:\/\/nwris.ca\/2023\/12\/14\/minister-miller-to-attend-citizenship-ceremony-at-sherbrooke-city-hall\/","name":"Minister Miller to attend citizenship ceremony at Sherbrooke City Hall - North West Regional Immigrant Services Inc.","isPartOf":{"@id":"https:\/\/nwris.ca\/#website"},"primaryImageOfPage":{"@id":"https:\/\/nwris.ca\/2023\/12\/14\/minister-miller-to-attend-citizenship-ceremony-at-sherbrooke-city-hall\/#primaryimage"},"image":{"@id":"https:\/\/nwris.ca\/2023\/12\/14\/minister-miller-to-attend-citizenship-ceremony-at-sherbrooke-city-hall\/#primaryimage"},"thumbnailUrl":"https:\/\/nwris.ca\/wp-content\/uploads\/2023\/10\/EB_NWRIS_Logo_250x100px-1.png","datePublished":"2023-12-14T22:51:27+00:00","author":{"@id":"https:\/\/nwris.ca\/#\/schema\/person\/11195404ce57bb147c5498ca9c3efb54"},"breadcrumb":{"@id":"https:\/\/nwris.ca\/2023\/12\/14\/minister-miller-to-attend-citizenship-ceremony-at-sherbrooke-city-hall\/#breadcrumb"},"inLanguage":"fr-CA","potentialAction":[{"@type":"ReadAction","target":["https:\/\/nwris.ca\/2023\/12\/14\/minister-miller-to-attend-citizenship-ceremony-at-sherbrooke-city-hall\/"]}]},{"@type":"ImageObject","inLanguage":"fr-CA","@id":"https:\/\/nwris.ca\/2023\/12\/14\/minister-miller-to-attend-citizenship-ceremony-at-sherbrooke-city-hall\/#primaryimage","url":"https:\/\/nwris.ca\/wp-content\/uploads\/2023\/10\/EB_NWRIS_Logo_250x100px-1.png","contentUrl":"https:\/\/nwris.ca\/wp-content\/uploads\/2023\/10\/EB_NWRIS_Logo_250x100px-1.png","width":280,"height":120},{"@type":"BreadcrumbList","@id":"https:\/\/nwris.ca\/2023\/12\/14\/minister-miller-to-attend-citizenship-ceremony-at-sherbrooke-city-hall\/#breadcrumb","itemListElement":[{"@type":"ListItem","position":1,"name":"Home","item":"https:\/\/nwris.ca\/"},{"@type":"ListItem","position":2,"name":"Minister Miller to attend citizenship ceremony at Sherbrooke City Hall"}]},{"@type":"WebSite","@id":"https:\/\/nwris.ca\/#website","url":"https:\/\/nwris.ca\/","name":"North West Regional Immigrant Services Inc.","description":"","potentialAction":[{"@type":"SearchAction","target":{"@type":"EntryPoint","urlTemplate":"https:\/\/nwris.ca\/?s={search_term_string}"},"query-input":{"@type":"PropertyValueSpecification","valueRequired":true,"valueName":"search_term_string"}}],"inLanguage":"fr-CA"},{"@type":"Person","@id":"https:\/\/nwris.ca\/#\/schema\/person\/11195404ce57bb147c5498ca9c3efb54","name":"Nsd Tech Support","image":{"@type":"ImageObject","inLanguage":"fr-CA","@id":"https:\/\/secure.gravatar.com\/avatar\/e42b517620366347df3ac100559fc3a184e9468ab7d131ee757864efc90b9a37?s=96&d=mm&r=g","url":"https:\/\/secure.gravatar.com\/avatar\/e42b517620366347df3ac100559fc3a184e9468ab7d131ee757864efc90b9a37?s=96&d=mm&r=g","contentUrl":"https:\/\/secure.gravatar.com\/avatar\/e42b517620366347df3ac100559fc3a184e9468ab7d131ee757864efc90b9a37?s=96&d=mm&r=g","caption":"Nsd Tech Support"},"url":"https:\/\/nwris.ca\/fr\/author\/nsdtech-support\/"}]}},"_links":{"self":[{"href":"https:\/\/nwris.ca\/fr\/wp-json\/wp\/v2\/posts\/867","targetHints":{"allow":["GET"]}}],"collection":[{"href":"https:\/\/nwris.ca\/fr\/wp-json\/wp\/v2\/posts"}],"about":[{"href":"https:\/\/nwris.ca\/fr\/wp-json\/wp\/v2\/types\/post"}],"author":[{"embeddable":true,"href":"https:\/\/nwris.ca\/fr\/wp-json\/wp\/v2\/users\/5"}],"replies":[{"embeddable":true,"href":"https:\/\/nwris.ca\/fr\/wp-json\/wp\/v2\/comments?post=867"}],"version-history":[{"count":0,"href":"https:\/\/nwris.ca\/fr\/wp-json\/wp\/v2\/posts\/867\/revisions"}],"wp:featuredmedia":[{"embeddable":true,"href":"https:\/\/nwris.ca\/fr\/wp-json\/wp\/v2\/media\/600"}],"wp:attachment":[{"href":"https:\/\/nwris.ca\/fr\/wp-json\/wp\/v2\/media?parent=867"}],"wp:term":[{"taxonomy":"category","embeddable":true,"href":"https:\/\/nwris.ca\/fr\/wp-json\/wp\/v2\/categories?post=867"},{"taxonomy":"post_tag","embeddable":true,"href":"https:\/\/nwris.ca\/fr\/wp-json\/wp\/v2\/tags?post=867"}],"curies":[{"name":"wp","href":"https:\/\/api.w.org\/{rel}","templated":true}]}}